{"id":10614,"date":"2026-09-04T16:21:43","date_gmt":"2026-09-04T16:21:43","guid":{"rendered":"https:\/\/www.liguriamotori.it\/?p=10614"},"modified":"2026-09-04T16:21:46","modified_gmt":"2026-09-04T16:21:46","slug":"mti-national-torna-in-prova-speciale-al-rally-val-daveto","status":"publish","type":"post","link":"https:\/\/www.liguriamotori.it\/index.php\/2026\/09\/04\/mti-national-torna-in-prova-speciale-al-rally-val-daveto\/","title":{"rendered":"MTI \u2013 National torna in prova speciale al Rally Val d\u2019Aveto"},"content":{"rendered":"\n<h6 class=\"wp-block-heading\"><em><strong>Il trofeo Michelin riparte con 48 concorrenti nelle quattro gare del weekend<\/strong><\/em><\/h6>\n\n\n\n<p>Cinque settimane di pausa prima di affilare le armi per la parte finale della stagione agonistica 2026. Anche il <strong>Michelin Trofeo Italia<\/strong>, la Serie che la filiale italiana della Casa di Clermont Ferrand ha riservato ai suoi clienti sportivi, si prepara a concludere la stagione con le ultime 21 gare e lo fa partendo con il botto nel prossimo fine settimana che vedr\u00e0 i <strong><em>Bibendum Boys<\/em><\/strong> impegnati in ben quattro gare: <strong>49\u00b0 Rally Mille Miglia<\/strong> a Brescia; <strong>10\u00b0 Rally della Val d\u2019Aveto<\/strong> a Santo Stefano d\u2019Aveto (GE); <strong>44\u00b0 Rally di Casciana Terme<\/strong> nella citt\u00e0 termale in provincia di Pisa e <strong>41\u00b0 Rally\u00a0 Citt\u00e0 di Torino<\/strong> a Ciri\u00e9 (TO).<\/p>\n\n\n\n<h5 class=\"wp-block-heading\"><strong>10\u00b0 Rally Val d\u2019Aveto<\/strong><\/h5>\n\n\n\n<p>Domani \u00e8 la gara genovese ad accendere per primo il semaforo verde delle prove di <strong>Coppa Rally di Zona<\/strong> del fine settimana, gara in cui <strong>Michelin Trofeo Italia<\/strong> schiera sette concorrenti al via, tre dei quali nel Primo Raggruppamento\u00a0 guidati dal ligure <strong>Francesco Aragno<\/strong>, che avr\u00e0 al suo fianco Giancarla Guzzi sulla \u0160koda Fabia Rally2 #4 con la quale ha finora disputato tre gare raccogliendo punti sufficienti a portarlo al sesto posto della classifica di categoria MTI, e che punter\u00e0 al primato non solo fra i <strong>Bibendum Boys<\/strong>, ma anche nella classifica assoluta. Il Primo Raggruppamento presenta poi le novit\u00e0 dell\u2019ingresso in MTI di due nuovi concorrenti, ovvero <strong>Igor Raffo<\/strong>, navigato da Paolo Rocca sulla Citro\u00ebn C3 Rally2 # 5 e <strong>Luigi Guardincerri<\/strong> che, in via eccezionale, avr\u00e0 al suo fianco Michele Guastavino, solitamente impegnato al volante, \u0160koda Fabia Rally2 #9. <\/p>\n\n\n\n<p>In Secondo Raggruppamento avremo il ritorno di <strong>Federico Gangi<\/strong>, che alterna gare di <strong>Michelin Trofeo Italia<\/strong> a presenze nel Trofeo Lancia con la sua Lancia Ypsilon Rally4 #24, che porter\u00e0 all\u2019esordio nella gara genovese la navigatrice Elisabetta Farfalla. Sono tre i concorrenti MTI di Quarto Raggruppamento. A guidarli \u00e8 il pilota della Lunigiana <strong>Niccol\u00f2 Iacopetti<\/strong>, navigato da Sebastian Baldi sulla Renault Clio Rally5 #45, finora 21\u00b0 della classifica MTI dopo tre gare, seguito dalla Clio RS N3 #53 dell\u2019esordiente (in <strong>Michelin Trofeo Italia<\/strong>) <strong>Alex Gasparini<\/strong> che avr\u00e0 al suo fianco Thomas Rossi e, per concludere la Citro\u00ebn Saxo VTS RS 1.6 Plus #73 di <strong>Nicol\u00f2 Minetti<\/strong>, navigato da Alice Bianchini che vorr\u00e0 risalire la classifica MTI dalla 23esima posizione che occupa attualmente.<\/p>\n","protected":false},"excerpt":{"rendered":"<p>Il trofeo Michelin riparte con 48 concorrenti nelle quattro gare del weekend Cinque settimane di pausa prima di affilare le armi per la parte finale della stagione agonistica 2026. Anche il Michelin Trofeo Italia, la Serie che la filiale italiana della Casa di Clermont Ferrand ha riservato ai suoi clienti sportivi, si prepara a concludere [&hellip;]<\/p>\n","protected":false},"author":1,"featured_media":10412,"comment_status":"closed","ping_status":"closed","sticky":false,"template":"","format":"standard","meta":{"footnotes":""},"categories":[128],"tags":[55],"class_list":["post-10614","post","type-post","status-publish","format-standard","has-post-thumbnail","hentry","category-10-rally-val-daveto-6-settembre","tag-top"],"_links":{"self":[{"href":"https:\/\/www.liguriamotori.it\/index.php\/wp-json\/wp\/v2\/posts\/10614"}],"collection":[{"href":"https:\/\/www.liguriamotori.it\/index.php\/wp-json\/wp\/v2\/posts"}],"about":[{"href":"https:\/\/www.liguriamotori.it\/index.php\/wp-json\/wp\/v2\/types\/post"}],"author":[{"embeddable":true,"href":"https:\/\/www.liguriamotori.it\/index.php\/wp-json\/wp\/v2\/users\/1"}],"replies":[{"embeddable":true,"href":"https:\/\/www.liguriamotori.it\/index.php\/wp-json\/wp\/v2\/comments?post=10614"}],"version-history":[{"count":8,"href":"https:\/\/www.liguriamotori.it\/index.php\/wp-json\/wp\/v2\/posts\/10614\/revisions"}],"predecessor-version":[{"id":10622,"href":"https:\/\/www.liguriamotori.it\/index.php\/wp-json\/wp\/v2\/posts\/10614\/revisions\/10622"}],"wp:featuredmedia":[{"embeddable":true,"href":"https:\/\/www.liguriamotori.it\/index.php\/wp-json\/wp\/v2\/media\/10412"}],"wp:attachment":[{"href":"https:\/\/www.liguriamotori.it\/index.php\/wp-json\/wp\/v2\/media?parent=10614"}],"wp:term":[{"taxonomy":"category","embeddable":true,"href":"https:\/\/www.liguriamotori.it\/index.php\/wp-json\/wp\/v2\/categories?post=10614"},{"taxonomy":"post_tag","embeddable":true,"href":"https:\/\/www.liguriamotori.it\/index.php\/wp-json\/wp\/v2\/tags?post=10614"}],"curies":[{"name":"wp","href":"https:\/\/api.w.org\/{rel}","templated":true}]}}