{"id":10608,"date":"2026-09-04T15:36:44","date_gmt":"2026-09-04T15:36:44","guid":{"rendered":"https:\/\/www.liguriamotori.it\/?p=10608"},"modified":"2026-09-04T15:36:48","modified_gmt":"2026-09-04T15:36:48","slug":"mauro-porzia-si-rituffa-nella-crz-2","status":"publish","type":"post","link":"https:\/\/www.liguriamotori.it\/index.php\/2026\/09\/04\/mauro-porzia-si-rituffa-nella-crz-2\/","title":{"rendered":"Mauro Porzia si rituffa nella CRZ 2"},"content":{"rendered":"\n<h5 class=\"wp-block-heading\"><em><strong>Dopo il lungo stop per infortunio, il torinese riprende dal Rally Val d\u2019Aveto<\/strong><\/em><\/h5>\n\n\n\n<p>Un gradito rientro sulle strade del nord-ovest e della seconda zona. Si pu\u00f2 definire cos\u00ec il ritorno in gara del pilota torinese\u00a0<strong>Mauro Porzia<\/strong>, che dopo uno stop obbligato di alcuni mesi, ritrova il filo conduttore stagionale. Il teatro dell\u2019attesa ripartenza sar\u00e0 quella del <strong>Rally Val d\u2019Aveto<\/strong>, quinta tappa della <strong>Coppa Rally di Zona 2<\/strong>. Ad affiancarlo per l\u2019occasione, non ci sar\u00e0 Arianna Genaro, anch\u2019essa in recupero da un infortunio, ma un altro navigatore di lungo corso. Si tratta di <strong>Alessandro Rappoldi<\/strong>, il quale accompagner\u00e0 il driver portacolori della scuderia <strong>ALMA Racing<\/strong>, sulle difficili strade dell\u2019entroterra ligure.<\/p>\n\n\n\n<p>La vettura non subir\u00e0 invece variazioni. Dopo il brillante esordio sulla <strong>Renault Clio Rally3<\/strong> con i colori della <strong>ScaccoMatto Racing<\/strong> sulle strade del Rally Valli Ossolane, proseguir\u00e0 anche sulle strade della Val d\u2019Aveto la fase di apprendimento con la quattro ruote motrici di casa Renault. Una vettura dal grande potenziale ma che necessita di numerosi chilometri di approfondimenti per poter apprezzare al meglio le proprie caratteristiche. <\/p>\n\n\n\n<p>Dinamiche che Porzia desidera commentare nel proprio intervento pre-gara, dove ha voluto esprimere la propria soddisfazione per il rapido rientro dopo il brutto infortunio all\u2019omero: <em>\u201cRientro in una competizione dopo oltre tre mesi di assenza. Una brutta frattura all\u2019omero, mi ha costretto ai box per diverse settimane. Tuttavia, sono soddisfatto per essere riuscito a recuperare la mobilit\u00e0 della spalla al 90% nel post-frattura: tutto questo in sole sette settimane. Venendo alla parte sportiva, tengo a precisare che al mio fianco non ci sar\u00e0 Arianna Genaro a causa di un infortunio. Al suo posto ci sar\u00e0 Alessandro Rappoldi, con il quale cercher\u00f2 di accumulare pi\u00f9 esperienza possibile sulla Renault Clio Rally3. Sar\u00e0 una gara difficile ed insidiosa, ma alla quale tenevo ad essere al via in quanto inserita nel panorama della seconda zona. Il mio focus rimane focalizzato l\u00ec\u201d.<\/em><\/p>\n","protected":false},"excerpt":{"rendered":"<p>Dopo il lungo stop per infortunio, il torinese riprende dal Rally Val d\u2019Aveto Un gradito rientro sulle strade del nord-ovest e della seconda zona. Si pu\u00f2 definire cos\u00ec il ritorno in gara del pilota torinese\u00a0Mauro Porzia, che dopo uno stop obbligato di alcuni mesi, ritrova il filo conduttore stagionale. Il teatro dell\u2019attesa ripartenza sar\u00e0 quella [&hellip;]<\/p>\n","protected":false},"author":1,"featured_media":10612,"comment_status":"closed","ping_status":"closed","sticky":false,"template":"","format":"standard","meta":{"footnotes":""},"categories":[128],"tags":[55],"class_list":["post-10608","post","type-post","status-publish","format-standard","has-post-thumbnail","hentry","category-10-rally-val-daveto-6-settembre","tag-top"],"_links":{"self":[{"href":"https:\/\/www.liguriamotori.it\/index.php\/wp-json\/wp\/v2\/posts\/10608"}],"collection":[{"href":"https:\/\/www.liguriamotori.it\/index.php\/wp-json\/wp\/v2\/posts"}],"about":[{"href":"https:\/\/www.liguriamotori.it\/index.php\/wp-json\/wp\/v2\/types\/post"}],"author":[{"embeddable":true,"href":"https:\/\/www.liguriamotori.it\/index.php\/wp-json\/wp\/v2\/users\/1"}],"replies":[{"embeddable":true,"href":"https:\/\/www.liguriamotori.it\/index.php\/wp-json\/wp\/v2\/comments?post=10608"}],"version-history":[{"count":4,"href":"https:\/\/www.liguriamotori.it\/index.php\/wp-json\/wp\/v2\/posts\/10608\/revisions"}],"predecessor-version":[{"id":10613,"href":"https:\/\/www.liguriamotori.it\/index.php\/wp-json\/wp\/v2\/posts\/10608\/revisions\/10613"}],"wp:featuredmedia":[{"embeddable":true,"href":"https:\/\/www.liguriamotori.it\/index.php\/wp-json\/wp\/v2\/media\/10612"}],"wp:attachment":[{"href":"https:\/\/www.liguriamotori.it\/index.php\/wp-json\/wp\/v2\/media?parent=10608"}],"wp:term":[{"taxonomy":"category","embeddable":true,"href":"https:\/\/www.liguriamotori.it\/index.php\/wp-json\/wp\/v2\/categories?post=10608"},{"taxonomy":"post_tag","embeddable":true,"href":"https:\/\/www.liguriamotori.it\/index.php\/wp-json\/wp\/v2\/tags?post=10608"}],"curies":[{"name":"wp","href":"https:\/\/api.w.org\/{rel}","templated":true}]}}