{"id":10603,"date":"2026-09-03T21:45:35","date_gmt":"2026-09-03T21:45:35","guid":{"rendered":"https:\/\/www.liguriamotori.it\/?p=10603"},"modified":"2026-09-03T21:45:38","modified_gmt":"2026-09-03T21:45:38","slug":"al-10-rally-val-daveto-tra-obbiettivi-speranze-e-sfide","status":"publish","type":"post","link":"https:\/\/www.liguriamotori.it\/index.php\/2026\/09\/03\/al-10-rally-val-daveto-tra-obbiettivi-speranze-e-sfide\/","title":{"rendered":"Al 10\u00b0 Rally Val d\u2019Aveto tra obbiettivi, speranze e \u201csfide\u201d"},"content":{"rendered":"\n<h4 class=\"wp-block-heading\"><strong><em>I motivi per cui seguire le prestazioni di Enrico Maria Volpi, Lorenzo Mottola e degli equipaggi Formentera &#8211; Morando e Terrile \u2013 Bronzini<\/em><\/strong><\/h4>\n\n\n\n<p>E\u2019 un Rally Val d\u2019Aveto particolare quello che si correr\u00e0 in questo fine settimana. Con, alla partenza, piloti che non correranno solo per competere con l\u2019avversario ed il cronometro ma che hanno unito all\u2019impegno agonistico un risvolto amichevole o professionale.<\/p>\n\n\n\n<h5 class=\"wp-block-heading\"><strong>Lo studio di Enrico Maria Volpi<\/strong><\/h5>\n\n\n\n<p>E\u2019 il caso, questo, di Enrico Maria Volpi che, dopo il positivo debutto stagionale al \u201cLanterna\u201d si ripropone in Val d\u2019Aveto: stessa vettura, la Renault Clio Rally4, ma \u201cnaviga\u201d diverso, il quotato Alessandro Cervi, ed identica finalit\u00e0. Ossia correre, divertirsi e portare avanti lo studio osservazionale dedicato alla valutazione di alcuni parametri correlati al benessere oculare dei piloti, progetto avviato, con la collaborazione di Biofta, azienda attiva in ambito oftalmico, al precedente Rally della Lanterna ed ora prossimo alla conclusione dei test in Val d\u2019Aveto.<\/p>\n\n\n\n<h5 class=\"wp-block-heading\"><strong>Lorenzo Mottola ci riprova<\/strong><\/h5>\n\n\n\n<p>Dopo il debutto stagionale al \u201cLanterna\u201d si ripropone anche Lorenzo Mottola. Il chiavarese conferma l\u2019equipaggio e vettura &#8211; sar\u00e0 della partita in coppia con Michele Cademartori ed al volante di una Renault Clio di Classe Rally3 \u2013 e affida alle speranze il proprio obbiettivo. \u201cCercheremo \u2013 osserva &#8211; di fare un risultato migliore e di fare una gara con meno errori di quelli commessi al \u201cLanterna\u201d. Il Rally Val d&#8217;Aveto \u00e8, praticamente, la \u201cgara di casa\u201d e l&#8217;aria che si respira \u00e8 sempre molto festosa e competitiva: spero, soprattutto, di trovare sportivit\u00e0 tra gli equipaggi in gara. &nbsp;<\/p>\n\n\n\n<h5 class=\"wp-block-heading\"><strong>La &#8220;sfida<\/strong>&#8221; <strong>Formentera &#8211; Morando vs Terrile \u2013 Bronzini\u00a0<\/strong><\/h5>\n\n\n\n<p>La sportivit\u00e0 non mancher\u00e0 di certo nel confronto tra due equipaggi genovesi \u2013 Luca Formentera e Walter Morando (Peugeot 208 Vti) e Mauro Terrile e Giorgio Bronzini (Suzuki Swift Sport) \u2013 che, in nome della loro amicizia, hanno deciso di suonarsele reciprocamente di santa ragione a suon di\u2026 risate. Alla fine vincer\u00e0 chi avr\u00e0 riso di pi\u00f9 e chi se la sar\u00e0 spassata maggiormente all\u2019interno dell\u2019abitacolo. E questo \u00e8 il modo migliore di correre per divertirsi.&nbsp;<\/p>\n","protected":false},"excerpt":{"rendered":"<p>I motivi per cui seguire le prestazioni di Enrico Maria Volpi, Lorenzo Mottola e degli equipaggi Formentera &#8211; Morando e Terrile \u2013 Bronzini E\u2019 un Rally Val d\u2019Aveto particolare quello che si correr\u00e0 in questo fine settimana. Con, alla partenza, piloti che non correranno solo per competere con l\u2019avversario ed il cronometro ma che hanno [&hellip;]<\/p>\n","protected":false},"author":1,"featured_media":10607,"comment_status":"closed","ping_status":"closed","sticky":false,"template":"","format":"standard","meta":{"footnotes":""},"categories":[128],"tags":[55],"class_list":["post-10603","post","type-post","status-publish","format-standard","has-post-thumbnail","hentry","category-10-rally-val-daveto-6-settembre","tag-top"],"_links":{"self":[{"href":"https:\/\/www.liguriamotori.it\/index.php\/wp-json\/wp\/v2\/posts\/10603"}],"collection":[{"href":"https:\/\/www.liguriamotori.it\/index.php\/wp-json\/wp\/v2\/posts"}],"about":[{"href":"https:\/\/www.liguriamotori.it\/index.php\/wp-json\/wp\/v2\/types\/post"}],"author":[{"embeddable":true,"href":"https:\/\/www.liguriamotori.it\/index.php\/wp-json\/wp\/v2\/users\/1"}],"replies":[{"embeddable":true,"href":"https:\/\/www.liguriamotori.it\/index.php\/wp-json\/wp\/v2\/comments?post=10603"}],"version-history":[{"count":3,"href":"https:\/\/www.liguriamotori.it\/index.php\/wp-json\/wp\/v2\/posts\/10603\/revisions"}],"predecessor-version":[{"id":10606,"href":"https:\/\/www.liguriamotori.it\/index.php\/wp-json\/wp\/v2\/posts\/10603\/revisions\/10606"}],"wp:featuredmedia":[{"embeddable":true,"href":"https:\/\/www.liguriamotori.it\/index.php\/wp-json\/wp\/v2\/media\/10607"}],"wp:attachment":[{"href":"https:\/\/www.liguriamotori.it\/index.php\/wp-json\/wp\/v2\/media?parent=10603"}],"wp:term":[{"taxonomy":"category","embeddable":true,"href":"https:\/\/www.liguriamotori.it\/index.php\/wp-json\/wp\/v2\/categories?post=10603"},{"taxonomy":"post_tag","embeddable":true,"href":"https:\/\/www.liguriamotori.it\/index.php\/wp-json\/wp\/v2\/tags?post=10603"}],"curies":[{"name":"wp","href":"https:\/\/api.w.org\/{rel}","templated":true}]}}