{"id":10595,"date":"2026-09-02T14:05:00","date_gmt":"2026-09-02T14:05:00","guid":{"rendered":"https:\/\/www.liguriamotori.it\/?p=10595"},"modified":"2026-09-02T14:05:03","modified_gmt":"2026-09-02T14:05:03","slug":"lanterna-corse-r-t-da-record-al-rally-val-daveto","status":"publish","type":"post","link":"https:\/\/www.liguriamotori.it\/index.php\/2026\/09\/02\/lanterna-corse-r-t-da-record-al-rally-val-daveto\/","title":{"rendered":"Lanterna Corse R. T. da record al Rally Val d&#8217;Aveto"},"content":{"rendered":"\n<h5 class=\"wp-block-heading\"><strong><em>Sar\u00e0 al via con 14 equipaggi &#8211; In gara anche BB Competition e VM Motor Team<\/em><\/strong><\/h5>\n\n\n\n<p>Presenza da record per la Lanterna Corse Rally Team al Rally Val d\u2019Aveto, in programma sabato e domenica prossimi tra Santo Stefano d\u2019Aveto, Rezzoaglio e le vallate limitrofe. La scuderia genovese parteciper\u00e0 alla gara di casa, valida per la Coppa Rally zona 2, con ben quattordici equipaggi, tra i quali non manca chi ha ambizioni importanti per la classifica assoluta.<\/p>\n\n\n\n<p>Saranno infatti due le vetture della classe regina, la Rally2, pronte a darsi battaglia sulle impegnative strade appenniniche: Fabio Federici ed Erika Badinelli, su Skoda Fabia RS, andranno in cerca di un piazzamento di prestigio dopo il podio del 2025, cos\u00ec come Igor Raffo e Paolo Rocca su Citro\u00ebn C3. Due anche le Renault Clio in classe Rally3, affidate rispettivamente a Gianluca Caserza con Giulia Patrone e Lorenzo Mottola con Michele Cademartori, mentre in Super 1.6 Riccardo Gallo e Davide Morando sono determinati a replicare la buona gara del 2025.<\/p>\n\n\n\n<p>Francesco Bigotti ed Andrea Cresta, su Peugeot 208 Rally4, vogliono dimenticare in fretta la sfortuna del Rally della Lanterna e se la dovranno vedere con i compagni di team Alessandro Fugazzi e Laura Peragallo, a bordo della \u201ccugina\u201d Lancia Ypsilon. Gradito ritorno al volante per Giovanni Garbarino, che con Enrica Gioffr\u00e8 sar\u00e0 al via su una Peugeot 208 R2, stessa vettura utilizzata da Gabriele Trossarello e Mauro Actite; Massimo e Mirco Mariani sono attesi dal pubblico con la sempre ammirata Opel Astra K11 ed in classe RS 2.0 Plus Luca Ciprietti con Tommaso Orsi porter\u00e0 sulle speciali liguri l\u2019intramontabile Renault Clio Williams.<\/p>\n\n\n\n<p>Alessandro Botto e Daniele Dacasto saranno invece al via in A6 su Citro\u00ebn Saxo e due saranno le Suzuki Swift Sort Hybrid in classe RSTB1.4 Plus; una per Mauro Terrile con Giorgio Bronzini alle note, l\u2019altra per Matteo Marani con Sara Costigliolo.<\/p>\n\n\n\n<p><strong>BB Competition<\/strong> &#8211; La scuderia spezzina, che sar\u00e0 presente anche al Rally Casciana Terme con cinque equipaggi, porter\u00e0 anche due vetture sulle strade del 10\u00b0 Rally Val d\u2019Aveto, appuntamento valido per la Coppa Rally di Zona 2. A difendere i colori del sodalizio ligure saranno Nicol\u00f2 Iacopetti e Sebastian Baldi, sulla Renault Clio Rally5 equipaggiata con pneumatici Michelin, e il genovese Nicol\u00f2 Minetti con Alice Bianchini, sulla Citro\u00ebn Saxo A6 di BB Competition, anch\u2019essa gommata Michelin. Per Alice Bianchini l\u2019appuntamento assumer\u00e0 un significato particolare, trattandosi della prima esperienza agonistica in assoluto.<\/p>\n\n\n\n<p><strong>VM Motor Team<\/strong> &#8211; Un equipaggio difender\u00e0 infine i colori del sodalizio alessandrino al Rally Val d\u2019Aveto, gara ligure valida per la Coppa Rally Zona 2. L\u2019imperiese Claudio Bico, affiancato da Giuliano Baixin, si presenter\u00e0 al via delle prove speciali genovesi al volante di una Peugeot 106 iscritta in Racing Start Plus 1.4.<\/p>\n","protected":false},"excerpt":{"rendered":"<p>Sar\u00e0 al via con 14 equipaggi &#8211; In gara anche BB Competition e VM Motor Team Presenza da record per la Lanterna Corse Rally Team al Rally Val d\u2019Aveto, in programma sabato e domenica prossimi tra Santo Stefano d\u2019Aveto, Rezzoaglio e le vallate limitrofe. La scuderia genovese parteciper\u00e0 alla gara di casa, valida per la [&hellip;]<\/p>\n","protected":false},"author":1,"featured_media":10597,"comment_status":"closed","ping_status":"closed","sticky":false,"template":"","format":"standard","meta":{"footnotes":""},"categories":[128],"tags":[55],"class_list":["post-10595","post","type-post","status-publish","format-standard","has-post-thumbnail","hentry","category-10-rally-val-daveto-6-settembre","tag-top"],"_links":{"self":[{"href":"https:\/\/www.liguriamotori.it\/index.php\/wp-json\/wp\/v2\/posts\/10595"}],"collection":[{"href":"https:\/\/www.liguriamotori.it\/index.php\/wp-json\/wp\/v2\/posts"}],"about":[{"href":"https:\/\/www.liguriamotori.it\/index.php\/wp-json\/wp\/v2\/types\/post"}],"author":[{"embeddable":true,"href":"https:\/\/www.liguriamotori.it\/index.php\/wp-json\/wp\/v2\/users\/1"}],"replies":[{"embeddable":true,"href":"https:\/\/www.liguriamotori.it\/index.php\/wp-json\/wp\/v2\/comments?post=10595"}],"version-history":[{"count":3,"href":"https:\/\/www.liguriamotori.it\/index.php\/wp-json\/wp\/v2\/posts\/10595\/revisions"}],"predecessor-version":[{"id":10599,"href":"https:\/\/www.liguriamotori.it\/index.php\/wp-json\/wp\/v2\/posts\/10595\/revisions\/10599"}],"wp:featuredmedia":[{"embeddable":true,"href":"https:\/\/www.liguriamotori.it\/index.php\/wp-json\/wp\/v2\/media\/10597"}],"wp:attachment":[{"href":"https:\/\/www.liguriamotori.it\/index.php\/wp-json\/wp\/v2\/media?parent=10595"}],"wp:term":[{"taxonomy":"category","embeddable":true,"href":"https:\/\/www.liguriamotori.it\/index.php\/wp-json\/wp\/v2\/categories?post=10595"},{"taxonomy":"post_tag","embeddable":true,"href":"https:\/\/www.liguriamotori.it\/index.php\/wp-json\/wp\/v2\/tags?post=10595"}],"curies":[{"name":"wp","href":"https:\/\/api.w.org\/{rel}","templated":true}]}}