{"id":10588,"date":"2026-09-01T20:50:16","date_gmt":"2026-09-01T20:50:16","guid":{"rendered":"https:\/\/www.liguriamotori.it\/?p=10588"},"modified":"2026-09-01T20:50:19","modified_gmt":"2026-09-01T20:50:19","slug":"il-10-rally-val-daveto-ha-richiamato-71-equipaggi","status":"publish","type":"post","link":"https:\/\/www.liguriamotori.it\/index.php\/2026\/09\/01\/il-10-rally-val-daveto-ha-richiamato-71-equipaggi\/","title":{"rendered":"Il 10\u00b0 Rally Val d&#8217;Aveto ha richiamato 71 equipaggi"},"content":{"rendered":"\n<h5 class=\"wp-block-heading\"><em><strong>La<\/strong><\/em> <strong><em>gara sar\u00e0 seguita in diretta tv, web e social dall&#8217;emittente Primocanale<\/em><\/strong><\/h5>\n\n\n\n<p>\u00c8 stato ufficialmente pubblicato l&#8217;elenco iscritti del 10\u00b0 Rally Val d\u2019Aveto, quinta tappa della Coppa Rally Zona 2 in programma il 5 e 6 settembre tra Santo Stefano d\u2019Aveto, Rezzoaglio e le vallate limitrofe. La manifestazione, organizzata dalla Lanternarally con il supporto del Gruppo Sportivo Allegrezze e delle amministrazioni locali, propone un parterre di assoluto livello pronto a sfidarsi sulle selettive prove speciali dell&#8217;entroterra ligure. Soddisfazione da parte degli organizzatori per la quota raggiunta di 71 iscritti, in crescita rispetto al 2025 e buona se si considerano le tante concomitanze nel fine settimana.<\/p>\n\n\n\n<p>Ad aprire le partenze con il numero 1 sulle portiere sar\u00e0 Maurizio Rossi, in coppia con Paolo Zanini su Lancia Ypsilon Rally2; se non si contano le partecipazioni del pilota ufficiale Andrea Crugnola, si tratta della prima assoluta di un gentleman driver al volante della nuova Lancia in una gara di zona. Al via ci sar\u00e0 una folta pattuglia della classe regina: tra i concorrenti su Skoda Fabia figurano Luca Bertani affiancato da Stefano Oppimitti, Fabio Federici con Erika Badinelli, Francesco Aragno con Giancarla Guzzi, oltre a Stefano Scapellato, Alberto Biggi, &#8220;Iceman&#8221;, Luigi Guardincerri e Andrea Soracchi. A completare lo schieramento delle vetture di vertice ci saranno la Citroen C3 di Igor Raffo e Paolo Rocca, oltre alla Hyundai i20 N di Carlo Berchio e Arianna Ravano.<\/p>\n\n\n\n<p>Battaglia aperta anche nelle altre categorie. In classe Rally 3 si sfideranno sulle Renault Clio RS Line gli equipaggi guidati da Federica Levy, Mauro Porzia, Lorenzo Costi, Gianluca Caserza e Lorenzo Mottola, affiancati da Riccardo Gallo su Renault Clio S1600. Particolarmente ricca e combattuta si preannuncia la classe Rally 4, che registra la presenza dell&#8217;equipaggio polacco composto da Tomasz Krol e Patryk Olejniczak su Lancia Ypsilon, insieme a numerosi piloti locali e nazionali tra cui Federico Gangi, Sergio Patetta, &#8220;Lellopower&#8221;, Matteo Massimo Garbarino, Enrico Maria Volpi, Francesco Bigotti, Mirko Mazza, Enrico Mirko Cavagnaro, Alessandro Fugazzi, Gianmaria Mannone, Alessio Zunino e Michele Tavano su Peugeot 208, Lancia Ypsilon e Renault Clio. Numerosi anche gli iscritti della Rally 5, con tante altre categorie che andranno a completare un elenco di qualit\u00e0.<\/p>\n\n\n\n<p>Il programma di gara entrer\u00e0 nel vivo sabato 5 settembre con lo shakedown del mattino, seguito nel pomeriggio dai tre passaggi sulla prova speciale \u201cAlpicella\u201d, di cui l&#8217;ultimo in notturna. Domenica 6 settembre torneranno protagoniste le due storiche prove \u201cDue Valli\u201d e \u201cMontebruno\u201d, ripetute due volte prima dell&#8217;arrivo finale a Santo Stefano d\u2019Aveto. Ad accogliere i team sar\u00e0 il parco assistenza allestito attorno al Castello Malaspina Fieschi Doria, accompagnato dal rinfresco del sabato a Rocca d&#8217;Aveto e dal pranzo offerto dal Gruppo Sportivo Allegrezze durante il riordino domenicale.<\/p>\n\n\n\n<p>Il Rally Val d\u2019Aveto, grazie all\u2019impegno di Primocanale, godr\u00e0 di una copertura media eccezionale, come \u00e8 stato per il Rally della Lanterna. L\u2019emittente genovese seguir\u00e0 infatti diverse fasi della gara in diretta TV, Web e Social e metter\u00e0 in campo una squadra di giornalisti e tecnici per creare contenuti esclusivi gi\u00e0 dalla mattinata di sabato 5 settembre.<\/p>\n","protected":false},"excerpt":{"rendered":"<p>La gara sar\u00e0 seguita in diretta tv, web e social dall&#8217;emittente Primocanale \u00c8 stato ufficialmente pubblicato l&#8217;elenco iscritti del 10\u00b0 Rally Val d\u2019Aveto, quinta tappa della Coppa Rally Zona 2 in programma il 5 e 6 settembre tra Santo Stefano d\u2019Aveto, Rezzoaglio e le vallate limitrofe. La manifestazione, organizzata dalla Lanternarally con il supporto del [&hellip;]<\/p>\n","protected":false},"author":1,"featured_media":10590,"comment_status":"closed","ping_status":"closed","sticky":false,"template":"","format":"standard","meta":{"footnotes":""},"categories":[128],"tags":[55],"class_list":["post-10588","post","type-post","status-publish","format-standard","has-post-thumbnail","hentry","category-10-rally-val-daveto-6-settembre","tag-top"],"_links":{"self":[{"href":"https:\/\/www.liguriamotori.it\/index.php\/wp-json\/wp\/v2\/posts\/10588"}],"collection":[{"href":"https:\/\/www.liguriamotori.it\/index.php\/wp-json\/wp\/v2\/posts"}],"about":[{"href":"https:\/\/www.liguriamotori.it\/index.php\/wp-json\/wp\/v2\/types\/post"}],"author":[{"embeddable":true,"href":"https:\/\/www.liguriamotori.it\/index.php\/wp-json\/wp\/v2\/users\/1"}],"replies":[{"embeddable":true,"href":"https:\/\/www.liguriamotori.it\/index.php\/wp-json\/wp\/v2\/comments?post=10588"}],"version-history":[{"count":2,"href":"https:\/\/www.liguriamotori.it\/index.php\/wp-json\/wp\/v2\/posts\/10588\/revisions"}],"predecessor-version":[{"id":10591,"href":"https:\/\/www.liguriamotori.it\/index.php\/wp-json\/wp\/v2\/posts\/10588\/revisions\/10591"}],"wp:featuredmedia":[{"embeddable":true,"href":"https:\/\/www.liguriamotori.it\/index.php\/wp-json\/wp\/v2\/media\/10590"}],"wp:attachment":[{"href":"https:\/\/www.liguriamotori.it\/index.php\/wp-json\/wp\/v2\/media?parent=10588"}],"wp:term":[{"taxonomy":"category","embeddable":true,"href":"https:\/\/www.liguriamotori.it\/index.php\/wp-json\/wp\/v2\/categories?post=10588"},{"taxonomy":"post_tag","embeddable":true,"href":"https:\/\/www.liguriamotori.it\/index.php\/wp-json\/wp\/v2\/tags?post=10588"}],"curies":[{"name":"wp","href":"https:\/\/api.w.org\/{rel}","templated":true}]}}