{"id":10584,"date":"2026-08-31T14:56:02","date_gmt":"2026-08-31T14:56:02","guid":{"rendered":"https:\/\/www.liguriamotori.it\/?p=10584"},"modified":"2026-08-31T14:56:05","modified_gmt":"2026-08-31T14:56:05","slug":"davide-craviotto-ci-riprova-al-rally-val-daveto-2","status":"publish","type":"post","link":"https:\/\/www.liguriamotori.it\/index.php\/2026\/08\/31\/davide-craviotto-ci-riprova-al-rally-val-daveto-2\/","title":{"rendered":"Davide Craviotto ci riprova al Rally Val d\u2019Aveto \u00a0"},"content":{"rendered":"\n<h4 class=\"wp-block-heading\"><strong><em>Il pilota genovese cerca riscatto dopo il ritiro all\u2019ultimo \u201cLanterna\u201d<\/em><\/strong><\/h4>\n\n\n\n<p>Con ancora ben presente l\u2019amaro epilogo, con ritiro per problemi fisici, al recente \u201cLanterna\u201d, Davide Craviotto si ripropone il prossimo fine settimana al 10\u00b0 Rally Val d\u2019Aveto. Dove sar\u00e0 in coppia con il fido Fabrizio Piccinini ed al volante della Renault Clio Rally5 che gli sar\u00e0 messa a disposizione dalla Rebutti Service.<\/p>\n\n\n\n<p>\u201c<em>Ci riproviamo<\/em> \u2013 osserva con entusiasmo il pilota genovese \u2013 <em>con l\u2019intenzione di cercare di fare ancora meglio di quello che abbiamo fatto al \u201cLanterna\u201d prima del mio abbandono. La necessit\u00e0 primaria, comunque, \u00e8 quella di testare il mio fisico: se tiene, vediamo se siamo ancora in grado di metterci dietro questa sempre pi\u00f9 folta schiera di ragazzini scatenati\u2026<\/em>\u201d.<\/p>\n\n\n\n<p>\u201c<em>Ovviamente<\/em> \u2013 conclude il portacolori della New Racing for Genova &#8211; <em>come sempre io ci provo e se, fisico permettendo, dovessi riuscire anche ad ottenere buoni riscontri cronometrici, tornerei a casa contento<\/em>\u201d.&nbsp;&nbsp;<\/p>\n","protected":false},"excerpt":{"rendered":"<p>Il pilota genovese cerca riscatto dopo il ritiro all\u2019ultimo \u201cLanterna\u201d Con ancora ben presente l\u2019amaro epilogo, con ritiro per problemi fisici, al recente \u201cLanterna\u201d, Davide Craviotto si ripropone il prossimo fine settimana al 10\u00b0 Rally Val d\u2019Aveto. Dove sar\u00e0 in coppia con il fido Fabrizio Piccinini ed al volante della Renault Clio Rally5 che gli [&hellip;]<\/p>\n","protected":false},"author":1,"featured_media":10586,"comment_status":"closed","ping_status":"closed","sticky":false,"template":"","format":"standard","meta":{"footnotes":""},"categories":[128],"tags":[55],"class_list":["post-10584","post","type-post","status-publish","format-standard","has-post-thumbnail","hentry","category-10-rally-val-daveto-6-settembre","tag-top"],"_links":{"self":[{"href":"https:\/\/www.liguriamotori.it\/index.php\/wp-json\/wp\/v2\/posts\/10584"}],"collection":[{"href":"https:\/\/www.liguriamotori.it\/index.php\/wp-json\/wp\/v2\/posts"}],"about":[{"href":"https:\/\/www.liguriamotori.it\/index.php\/wp-json\/wp\/v2\/types\/post"}],"author":[{"embeddable":true,"href":"https:\/\/www.liguriamotori.it\/index.php\/wp-json\/wp\/v2\/users\/1"}],"replies":[{"embeddable":true,"href":"https:\/\/www.liguriamotori.it\/index.php\/wp-json\/wp\/v2\/comments?post=10584"}],"version-history":[{"count":2,"href":"https:\/\/www.liguriamotori.it\/index.php\/wp-json\/wp\/v2\/posts\/10584\/revisions"}],"predecessor-version":[{"id":10587,"href":"https:\/\/www.liguriamotori.it\/index.php\/wp-json\/wp\/v2\/posts\/10584\/revisions\/10587"}],"wp:featuredmedia":[{"embeddable":true,"href":"https:\/\/www.liguriamotori.it\/index.php\/wp-json\/wp\/v2\/media\/10586"}],"wp:attachment":[{"href":"https:\/\/www.liguriamotori.it\/index.php\/wp-json\/wp\/v2\/media?parent=10584"}],"wp:term":[{"taxonomy":"category","embeddable":true,"href":"https:\/\/www.liguriamotori.it\/index.php\/wp-json\/wp\/v2\/categories?post=10584"},{"taxonomy":"post_tag","embeddable":true,"href":"https:\/\/www.liguriamotori.it\/index.php\/wp-json\/wp\/v2\/tags?post=10584"}],"curies":[{"name":"wp","href":"https:\/\/api.w.org\/{rel}","templated":true}]}}