{"id":10580,"date":"2026-08-31T14:08:14","date_gmt":"2026-08-31T14:08:14","guid":{"rendered":"https:\/\/www.liguriamotori.it\/?p=10580"},"modified":"2026-08-31T14:08:16","modified_gmt":"2026-08-31T14:08:16","slug":"carasco-attende-la-reunion-80-90","status":"publish","type":"post","link":"https:\/\/www.liguriamotori.it\/index.php\/2026\/08\/31\/carasco-attende-la-reunion-80-90\/","title":{"rendered":"Carasco attende la Reunion 80\/90"},"content":{"rendered":"\n<h5 class=\"wp-block-heading\"><em><strong>L\u2019evento si svolger\u00e0 domenica 6 Settembre<\/strong> <strong>presso i Giardini di via Piani<\/strong><\/em><\/h5>\n\n\n\n<p>Domenica 6 Settembre presso i Giardini di via Piani a Carasco (GE) si svolger\u00e0 la nona edizione della <strong>REUNION 80\/90<\/strong>, dal 2018 il primo evento dedicato alle motociclette degli anni &#8217;80 e &#8217;90 e alle loro storie.<\/p>\n\n\n\n<p>L&#8217;evento, <strong>patrocinato dal Comune di Carasco<\/strong>, \u00e8 diventato un appuntamento importante per tutti gli appassionati di motociclette <em>youngtimers<\/em> e conferma la formula vincente dell\u2019esposizione statica di moto accompagnata da &#8220;chiacchiere motociclistiche&#8221; con super ospiti, buon cibo, bella musica ed un ambiente adatto a tutti, partecipanti ed ospiti, famiglie comprese.<\/p>\n\n\n\n<p>Interverranno infatti con racconti sulla loro storia motociclistica il giornalista, scrittore e commentatore televisivo <strong>Marco Masetti<\/strong>, il tecnico motorista della MotoGP <strong>Paolo Cordioli<\/strong> e, da Parma, il responsabile del Registro Storico del marchio <strong>TGM<\/strong> <strong>Aldo Lavezzini<\/strong> con il prezioso contributo dell&#8217;ingegner <strong>Gian Marco Terzi<\/strong> cofondatore del marchio.<\/p>\n\n\n\n<p>La ristorazione sar\u00e0 garantita dal collaudatissimo <strong>Comitato di San Marziano<\/strong> per tutta la durata dell&#8217;evento con specialit\u00e0 locali tra cui ravioli e l&#8217;asado.<\/p>\n\n\n\n<p>Come ogni anno verranno premiate le motociclette pi\u00f9 interessanti, dalla pi\u00f9 anziana alla pi\u00f9 giovane, passando da quella pi\u00f9 e meno chilometrata arrivando infine alla <strong>\u201cSplendida Youngtimers 2026\u201d<\/strong> votata da tutti i partecipanti.<\/p>\n\n\n\n<p>Tutte le info dettagliate e le modalit\u00e0 di iscrizione al sito <a href=\"http:\/\/reunion8090.com\/\" target=\"_blank\" rel=\"noreferrer noopener\"><strong><mark style=\"background-color:rgba(0, 0, 0, 0)\" class=\"has-inline-color has-vivid-red-color\">reunion8090.com<\/mark><\/strong><\/a> o visitando i social Facebook ed Instagram alla pagina \u201creunion8090\u201d.<\/p>\n\n\n\n<p><\/p>\n","protected":false},"excerpt":{"rendered":"<p>L\u2019evento si svolger\u00e0 domenica 6 Settembre presso i Giardini di via Piani Domenica 6 Settembre presso i Giardini di via Piani a Carasco (GE) si svolger\u00e0 la nona edizione della REUNION 80\/90, dal 2018 il primo evento dedicato alle motociclette degli anni &#8217;80 e &#8217;90 e alle loro storie. L&#8217;evento, patrocinato dal Comune di Carasco, [&hellip;]<\/p>\n","protected":false},"author":1,"featured_media":10582,"comment_status":"closed","ping_status":"closed","sticky":false,"template":"","format":"standard","meta":{"footnotes":""},"categories":[20],"tags":[55],"class_list":["post-10580","post","type-post","status-publish","format-standard","has-post-thumbnail","hentry","category-anche-di-altro","tag-top"],"_links":{"self":[{"href":"https:\/\/www.liguriamotori.it\/index.php\/wp-json\/wp\/v2\/posts\/10580"}],"collection":[{"href":"https:\/\/www.liguriamotori.it\/index.php\/wp-json\/wp\/v2\/posts"}],"about":[{"href":"https:\/\/www.liguriamotori.it\/index.php\/wp-json\/wp\/v2\/types\/post"}],"author":[{"embeddable":true,"href":"https:\/\/www.liguriamotori.it\/index.php\/wp-json\/wp\/v2\/users\/1"}],"replies":[{"embeddable":true,"href":"https:\/\/www.liguriamotori.it\/index.php\/wp-json\/wp\/v2\/comments?post=10580"}],"version-history":[{"count":2,"href":"https:\/\/www.liguriamotori.it\/index.php\/wp-json\/wp\/v2\/posts\/10580\/revisions"}],"predecessor-version":[{"id":10583,"href":"https:\/\/www.liguriamotori.it\/index.php\/wp-json\/wp\/v2\/posts\/10580\/revisions\/10583"}],"wp:featuredmedia":[{"embeddable":true,"href":"https:\/\/www.liguriamotori.it\/index.php\/wp-json\/wp\/v2\/media\/10582"}],"wp:attachment":[{"href":"https:\/\/www.liguriamotori.it\/index.php\/wp-json\/wp\/v2\/media?parent=10580"}],"wp:term":[{"taxonomy":"category","embeddable":true,"href":"https:\/\/www.liguriamotori.it\/index.php\/wp-json\/wp\/v2\/categories?post=10580"},{"taxonomy":"post_tag","embeddable":true,"href":"https:\/\/www.liguriamotori.it\/index.php\/wp-json\/wp\/v2\/tags?post=10580"}],"curies":[{"name":"wp","href":"https:\/\/api.w.org\/{rel}","templated":true}]}}